{"id":1434,"date":"2019-09-27T11:42:04","date_gmt":"2019-09-27T16:42:04","guid":{"rendered":"http:\/\/www.flavioalfaro.gob.ec\/flavioalfaro\/?p=1434"},"modified":"2020-06-10T19:58:14","modified_gmt":"2020-06-11T00:58:14","slug":"sesion-solemne-por-los-79-anos-de-fundacion-de-flavio-alfaro","status":"publish","type":"post","link":"https:\/\/www.flavioalfaro.gob.ec\/flavioalfaro\/2019\/09\/27\/sesion-solemne-por-los-79-anos-de-fundacion-de-flavio-alfaro\/","title":{"rendered":"Sesi\u00f3n solemne por los 79 a\u00f1os de fundaci\u00f3n de Flavio Alfaro"},"content":{"rendered":"<!--themify_builder_static--><p><em>La tarde de este lunes 23 de septiembre de 2019, en la calle Amazonas entre Agust\u00edn Zambrano y\u00a0 Manab\u00ed\u00a0 se realiz\u00f3 la Sesi\u00f3n Solemne para conmemorar los 79 a\u00f1os de fundaci\u00f3n de Flavio Alfaro.<\/em><\/p><p><em>Estuvieron presentes el Prefecto y Vice prefecta de Manab\u00ed, el Gobernador de la Provincia, asamble\u00edstas, alcaldes de diferentes cantones, representantes de diferentes entidades, concejales e invitados especiales.<\/em><\/p><p><em>La sesi\u00f3n solemne fue presidida por el alcalde\u00a0 Jaminton Intriago y se entreg\u00f3 reconocimientos pol\u00edticos, sociales, deportivos, y una\u00a0 distinci\u00f3n post mortem.<\/em><\/p><p><em>En el acto se presentaron saludos de felicitaciones por parte del Presidente de la Rep\u00fablica, Lenin Moreno, el Ministro de Agricultura y Ganader\u00eda, Xavier Lazo y del Ministro de Desarrollo Urbano y Vivienda, Guido \u00a0Macchiavello.<\/em><\/p><p><em>Durante su discurso el alcalde del cant\u00f3n invit\u00f3 a las autoridades nacionales, provinciales y locales a trabajar en uni\u00f3n\u00a0 y as\u00ed lograr que los cantones progresen.<\/em><\/p><p><em>Las festividades se cerraran con un baile popular en la Calle Manab\u00ed.<\/em><\/p>\n<div id='gallery-1' class='gallery galleryid-1434 gallery-columns-3 gallery-size-thumbnail'><figure class='gallery-item'>\n\t\t\t<div class='gallery-icon landscape'>\n\t\t\t\t<a href='https:\/\/www.flavioalfaro.gob.ec\/flavioalfaro\/2019\/09\/27\/sesion-solemne-por-los-79-anos-de-fundacion-de-flavio-alfaro\/_dsc7854\/'><img loading=\"lazy\" decoding=\"async\" width=\"150\" height=\"150\" src=\"https:\/\/www.flavioalfaro.gob.ec\/flavioalfaro\/wp-content\/uploads\/2019\/09\/DSC7854-150x150.jpg\" class=\"attachment-thumbnail size-thumbnail\" alt=\"\" \/><\/a>\n\t\t\t<\/div><\/figure><figure class='gallery-item'>\n\t\t\t<div class='gallery-icon landscape'>\n\t\t\t\t<a href='https:\/\/www.flavioalfaro.gob.ec\/flavioalfaro\/2019\/09\/27\/sesion-solemne-por-los-79-anos-de-fundacion-de-flavio-alfaro\/_dsc7862\/'><img loading=\"lazy\" decoding=\"async\" width=\"150\" height=\"150\" src=\"https:\/\/www.flavioalfaro.gob.ec\/flavioalfaro\/wp-content\/uploads\/2019\/09\/DSC7862-150x150.jpg\" class=\"attachment-thumbnail size-thumbnail\" alt=\"\" \/><\/a>\n\t\t\t<\/div><\/figure><figure class='gallery-item'>\n\t\t\t<div class='gallery-icon landscape'>\n\t\t\t\t<a href='https:\/\/www.flavioalfaro.gob.ec\/flavioalfaro\/2019\/09\/27\/sesion-solemne-por-los-79-anos-de-fundacion-de-flavio-alfaro\/_dsc7902\/'><img loading=\"lazy\" decoding=\"async\" width=\"150\" height=\"150\" src=\"https:\/\/www.flavioalfaro.gob.ec\/flavioalfaro\/wp-content\/uploads\/2019\/09\/DSC7902-150x150.jpg\" class=\"attachment-thumbnail size-thumbnail\" alt=\"\" \/><\/a>\n\t\t\t<\/div><\/figure><figure class='gallery-item'>\n\t\t\t<div class='gallery-icon landscape'>\n\t\t\t\t<a href='https:\/\/www.flavioalfaro.gob.ec\/flavioalfaro\/2019\/09\/27\/sesion-solemne-por-los-79-anos-de-fundacion-de-flavio-alfaro\/dsc_0891\/'><img loading=\"lazy\" decoding=\"async\" width=\"150\" height=\"150\" src=\"https:\/\/www.flavioalfaro.gob.ec\/flavioalfaro\/wp-content\/uploads\/2019\/09\/DSC_0891-150x150.jpg\" class=\"attachment-thumbnail size-thumbnail\" alt=\"\" \/><\/a>\n\t\t\t<\/div><\/figure><figure class='gallery-item'>\n\t\t\t<div class='gallery-icon landscape'>\n\t\t\t\t<a href='https:\/\/www.flavioalfaro.gob.ec\/flavioalfaro\/2019\/09\/27\/sesion-solemne-por-los-79-anos-de-fundacion-de-flavio-alfaro\/dsc_0937\/'><img loading=\"lazy\" decoding=\"async\" width=\"150\" height=\"150\" src=\"https:\/\/www.flavioalfaro.gob.ec\/flavioalfaro\/wp-content\/uploads\/2019\/09\/DSC_0937-150x150.jpg\" class=\"attachment-thumbnail size-thumbnail\" alt=\"\" \/><\/a>\n\t\t\t<\/div><\/figure>\n\t\t<\/div>\n<!--\/themify_builder_static-->","protected":false},"excerpt":{"rendered":"<p>La tarde de este lunes 23 de septiembre de 2019, en la calle Amazonas entre Agust\u00edn Zambrano y\u00a0 Manab\u00ed\u00a0 se realiz\u00f3 la Sesi\u00f3n Solemne para conmemorar los 79 a\u00f1os de fundaci\u00f3n de Flavio Alfaro. Estuvieron presentes el Prefecto y Vice prefecta de Manab\u00ed, el Gobernador de la Provincia, asamble\u00edstas, alcaldes de diferentes cantones, representantes de [&hellip;]<\/p>\n","protected":false},"author":2,"featured_media":1436,"comment_status":"closed","ping_status":"closed","sticky":false,"template":"","format":"standard","meta":{"footnotes":""},"categories":[1],"tags":[],"class_list":["post-1434","post","type-post","status-publish","format-standard","has-post-thumbnail","hentry","category-noticias"],"_links":{"self":[{"href":"https:\/\/www.flavioalfaro.gob.ec\/flavioalfaro\/wp-json\/wp\/v2\/posts\/1434","targetHints":{"allow":["GET"]}}],"collection":[{"href":"https:\/\/www.flavioalfaro.gob.ec\/flavioalfaro\/wp-json\/wp\/v2\/posts"}],"about":[{"href":"https:\/\/www.flavioalfaro.gob.ec\/flavioalfaro\/wp-json\/wp\/v2\/types\/post"}],"author":[{"embeddable":true,"href":"https:\/\/www.flavioalfaro.gob.ec\/flavioalfaro\/wp-json\/wp\/v2\/users\/2"}],"replies":[{"embeddable":true,"href":"https:\/\/www.flavioalfaro.gob.ec\/flavioalfaro\/wp-json\/wp\/v2\/comments?post=1434"}],"version-history":[{"count":8,"href":"https:\/\/www.flavioalfaro.gob.ec\/flavioalfaro\/wp-json\/wp\/v2\/posts\/1434\/revisions"}],"predecessor-version":[{"id":1454,"href":"https:\/\/www.flavioalfaro.gob.ec\/flavioalfaro\/wp-json\/wp\/v2\/posts\/1434\/revisions\/1454"}],"wp:featuredmedia":[{"embeddable":true,"href":"https:\/\/www.flavioalfaro.gob.ec\/flavioalfaro\/wp-json\/wp\/v2\/media\/1436"}],"wp:attachment":[{"href":"https:\/\/www.flavioalfaro.gob.ec\/flavioalfaro\/wp-json\/wp\/v2\/media?parent=1434"}],"wp:term":[{"taxonomy":"category","embeddable":true,"href":"https:\/\/www.flavioalfaro.gob.ec\/flavioalfaro\/wp-json\/wp\/v2\/categories?post=1434"},{"taxonomy":"post_tag","embeddable":true,"href":"https:\/\/www.flavioalfaro.gob.ec\/flavioalfaro\/wp-json\/wp\/v2\/tags?post=1434"}],"curies":[{"name":"wp","href":"https:\/\/api.w.org\/{rel}","templated":true}]}}